[{"@context":"https:\/\/schema.org\/","@type":"Article","@id":"https:\/\/www.camarko.cz\/za-nakupy-za-hranice\/#Article","mainEntityOfPage":"https:\/\/www.camarko.cz\/za-nakupy-za-hranice\/","headline":"Za n\u00e1kupy za hranice","name":"Za n\u00e1kupy za hranice","description":"Pa\u0159\u00ed\u017e, Mil\u00e1n nebo t\u0159eba Lond\u00fdn. Zat\u00edmco d\u0159\u00edve vypadaly v\u00fdlety za n\u00e1kupy tak, \u017ee jsme r\u00e1no sedli na autobus a jeli do nejbli\u017e\u0161\u00edho v\u011bt\u0161\u00edho m\u011bsta, dnes &hellip; ","datePublished":"2020-09-10","dateModified":"2023-06-09","author":{"@type":"Person","@id":"https:\/\/www.camarko.cz\/author\/#Person","name":"","url":"https:\/\/www.camarko.cz\/author\/","identifier":1,"image":{"@type":"ImageObject","@id":"https:\/\/secure.gravatar.com\/avatar\/232437c79d6ebbb41eb67b1526ce0bc08ee5047d6b1594dc05abcc3258d8e0b3?s=96&d=mm&r=g","url":"https:\/\/secure.gravatar.com\/avatar\/232437c79d6ebbb41eb67b1526ce0bc08ee5047d6b1594dc05abcc3258d8e0b3?s=96&d=mm&r=g","height":96,"width":96}},"publisher":{"@type":"Organization","name":"camarko.cz","logo":{"@type":"ImageObject","@id":"\/logo.png","url":"\/logo.png","width":600,"height":60}},"image":{"@type":"ImageObject","@id":"https:\/\/www.camarko.cz\/wp-content\/uploads\/img_a316411_w1710_t1527406889.jpg","url":"https:\/\/www.camarko.cz\/wp-content\/uploads\/img_a316411_w1710_t1527406889.jpg","height":0,"width":0},"url":"https:\/\/www.camarko.cz\/za-nakupy-za-hranice\/","about":["N\u00e1kupy"],"wordCount":460,"articleBody":"Pa\u0159\u00ed\u017e, Mil\u00e1n nebo t\u0159eba Lond\u00fdn. Zat\u00edmco d\u0159\u00edve vypadaly v\u00fdlety za n\u00e1kupy tak, \u017ee jsme r\u00e1no sedli na autobus a jeli do nejbli\u017e\u0161\u00edho v\u011bt\u0161\u00edho m\u011bsta, dnes d\u011bl\u00e1me to sam\u00e9, ale letadlem. N\u00edzkon\u00e1kladov\u00e9 aerolinky tla\u010d\u00ed ceny letenek po Evrop\u011b sm\u011b\u0161n\u011b n\u00edzko, a my jsme si na to rychle zvykli. Pokud to vychyt\u00e1me spr\u00e1vn\u011b, d\u00e1 se letenka Praha-Lond\u00fdn po\u0159\u00eddit levn\u011bji ne\u017e l\u00edstek na vlak Brno-ta sam\u00e1 Praha.A spolu s&nbsp;pozn\u00e1n\u00edm, \u017ee k&nbsp;n\u00e1m z\u00e1padn\u00ed v\u00fdrobci \u010dasto dov\u00e1\u017eej\u00ed produkci, kterou by se ve sv\u00e9 domovin\u011b ani neodv\u00e1\u017eili nab\u00eddnout, nen\u00ed divu \u017ee se jednodenn\u00ed nebo dvoudenn\u00ed v\u00fdlety st\u00e1vaj\u00ed velk\u00fdm hitem. Prost\u011b r\u00e1no vezmeme polopr\u00e1zdn\u00fd batoh nebo ta\u0161ku, \u010dasto jen s&nbsp;pasem a pen\u011b\u017eenkou, a vyraz\u00edme na nejbli\u017e\u0161\u00ed leti\u0161t\u011b. Za dobu krat\u0161\u00ed, ne\u017e bychom str\u00e1vili v&nbsp;autobuse nebo ve vlaku, u\u017e vysed\u00e1me v&nbsp;jin\u00e9m st\u00e1t\u011b, a jeden den n\u00e1m \u010dasto sta\u010d\u00ed na to, ud\u011blat si radost. Koruna je nav\u00edc v&nbsp;sou\u010dasn\u00e9 dob\u011b siln\u00e1, tak\u017ee n\u00e1s to ani nezruinuje, n\u011bkdy dokonce je\u0161t\u011b u\u0161et\u0159\u00edme.&nbsp;V&nbsp;\u010dem je tedy probl\u00e9m? Asi nejv\u011bt\u0161\u00ed pr\u016f\u0161vih je environment\u00e1ln\u00ed aspekt cel\u00e9 v\u011bci. L\u00e9t\u00e1n\u00ed m\u00e1 ze v\u0161ech zp\u016fsob\u016f dopravy zdaleka nejv\u011bt\u0161\u00ed dopad na \u017eivotn\u00ed prost\u0159ed\u00ed. Jist\u011b, je logick\u00e9, \u017ee na dovolenou na Kan\u00e1ry nebo do Ameriky nepoplujeme lod\u00ed, ale vyu\u017e\u00edv\u00e1n\u00ed letadel skoro jako autobus\u016f je z&nbsp;pohledu ekologa skute\u010dn\u011b zbyte\u010dn\u00fd rozmar. Dal\u0161\u00ed pot\u00ed\u017e\u00ed je, \u017ee p\u0159esouv\u00e1me cel\u00fd probl\u00e9m nekvalitn\u00edho zbo\u017e\u00ed. Nam\u00edsto, abychom tla\u010dili na to, aby k&nbsp;n\u00e1m zna\u010dky dov\u00e1\u017eely zbo\u017e\u00ed v&nbsp;p\u0159ijateln\u00e9 kvalit\u011b, my si za nimi r\u00e1di dojedeme, a je\u0161t\u011b se posm\u00edv\u00e1me t\u011bm, co si to z&nbsp;n\u011bjak\u00e9ho d\u016fvodu nemohou dovolit.Ti jsou pak odk\u00e1z\u00e1ni na nab\u00eddku zdej\u0161\u00edch obchod\u016f, do kter\u00fdch ale jejich majitel\u00e9 nemaj\u00ed pra\u017e\u00e1dnou motivaci naskladnit n\u011bco alespo\u0148 vzd\u00e1len\u011b nositeln\u00e9ho. Co tedy d\u011blat? Co t\u0159eba, kdybychom m\u00edsto c\u00edlen\u00fdch v\u00fdlet\u016f za n\u00e1kupy nakupovali jen tehdy, kdy\u017e v&nbsp;dan\u00e9 zemi pob\u00fdv\u00e1me? Na dovolen\u00e9 a slu\u017eebn\u00ed cesty jezd\u00edme stejn\u011b, tak pro\u010d do nich nevm\u011bstnat i proch\u00e1zku po obchodech? Jist\u011b, nebudeme si toho moci p\u0159iv\u00e9zt pln\u00fd kufr, ale alespo\u0148 vybereme jenom to, co opravdu chceme, a ne v\u0161echno, na co n\u00e1m ruka padne.                                                                                                                                                                                                                                                                                                                                                                                        3.8\/5 - (5 votes)        "},{"@context":"https:\/\/schema.org\/","@type":"BreadcrumbList","itemListElement":[{"@type":"ListItem","position":1,"name":"Za n\u00e1kupy za hranice","item":"https:\/\/www.camarko.cz\/za-nakupy-za-hranice\/#breadcrumbitem"}]}]