[{"@context":"https:\/\/schema.org\/","@type":"Article","@id":"https:\/\/www.camarko.cz\/to-je-ale-tiha\/#Article","mainEntityOfPage":"https:\/\/www.camarko.cz\/to-je-ale-tiha\/","headline":"To je ale t\u00edha!","name":"To je ale t\u00edha!","description":"\u010casto a r\u00e1di si po\u0159izujeme nov\u00e9 v\u011bci do sv\u00fdch domov\u016f, ale ne ka\u017ed\u00fd n\u00e1kup je stejn\u00fd a dalo by se i \u0159\u00edci, \u017ee nen\u00ed stejn\u011b &hellip; ","datePublished":"2020-09-01","dateModified":"2023-06-09","author":{"@type":"Person","@id":"https:\/\/www.camarko.cz\/author\/#Person","name":"","url":"https:\/\/www.camarko.cz\/author\/","identifier":1,"image":{"@type":"ImageObject","@id":"https:\/\/secure.gravatar.com\/avatar\/232437c79d6ebbb41eb67b1526ce0bc08ee5047d6b1594dc05abcc3258d8e0b3?s=96&d=mm&r=g","url":"https:\/\/secure.gravatar.com\/avatar\/232437c79d6ebbb41eb67b1526ce0bc08ee5047d6b1594dc05abcc3258d8e0b3?s=96&d=mm&r=g","height":96,"width":96}},"publisher":{"@type":"Organization","name":"camarko.cz","logo":{"@type":"ImageObject","@id":"\/logo.png","url":"\/logo.png","width":600,"height":60}},"url":"https:\/\/www.camarko.cz\/to-je-ale-tiha\/","about":["N\u00e1kupy"],"wordCount":410,"articleBody":"\t\u010casto a r\u00e1di si po\u0159izujeme nov\u00e9 v\u011bci do sv\u00fdch domov\u016f, ale ne ka\u017ed\u00fd n\u00e1kup je stejn\u00fd a dalo by se i \u0159\u00edci, \u017ee nen\u00ed stejn\u011b lehk\u00fd. Podivujete-li se nad spojen\u00edm lehk\u00fd n\u00e1kup, nebo pokud jste si okam\u017eit\u011b vybavili, jak v\u00e1\u0161 posledn\u00ed n\u00e1kup v&nbsp;supermarketu musel v\u00e1\u017eit alespo\u0148 20 kg, nechte m\u011b vysv\u011btlit l\u00e9pe svou my\u0161lenku.\tLehkost\u00ed, \u010di t\u011b\u017ekost\u00ed n\u00e1kupu jsem opravdu nem\u011bla na mysli t\u00edhu fyzickou, ale sp\u00ed\u0161e du\u0161evn\u00ed, a to zrovna ne v&nbsp;tom smyslu, \u017ee v\u00e1s stoj\u00ed zna\u010dn\u00e9 du\u0161evn\u00ed \u00fasil\u00ed utratit nezanedbatelnou \u010d\u00e1st va\u0161\u00ed v\u00fdplaty za man\u017eel\u010diny \u0161aty, nebo boty. Pod du\u0161evn\u00ed \u010dinnost jsem shrnula ve\u0161kerou va\u0161\u00ed p\u0159\u00edpravu a znalosti pot\u0159ebn\u00e9 k&nbsp;tomu, abyste sv\u00e9 koup\u011b pozd\u011bji nelitovali.\t&nbsp;\tSlova h\u00fdbaj\u00ed, p\u0159\u00edklady t\u00e1hnouPro ujasn\u011bn\u00ed m\u00e9 teorie v\u00e1m d\u00e1m p\u0159\u00edklad: Kdy\u017e si jdete koupit sva\u010dinu, je to lehk\u00fd n\u00e1kup. Prost\u011b jdete, pod\u00edv\u00e1te se, co maj\u00ed, n\u011bco z&nbsp;toho si vyberete a spokojen\u011b s&nbsp;t\u00edm odkr\u00e1\u010d\u00edte s&nbsp;pocitem, \u017ee nebudete o hladu. Naopak kdy\u017e vyb\u00edr\u00e1te jakoukoli elektroniku, nebo v\u011bt\u0161\u00ed kusy z&nbsp;v\u00fdbavy dom\u00e1cnosti, nep\u0159ivezete dom\u016f to prvn\u00ed, co v\u00e1m brnkne o nos, ale zji\u0161\u0165ujete si informace a porovn\u00e1v\u00e1te kvalitu a cenu u jednotliv\u00fdch v\u00fdrobc\u016f. Tak kon\u00e1te du\u0161evn\u00ed pr\u00e1ci a tak nad nakupov\u00e1n\u00edm str\u00e1v\u00edte mnoho \u010dasu. Proto jsem ho ozna\u010dila za n\u00e1kup t\u011b\u017ek\u00fd.Va\u0161\u00ed z\u00e1chranou nebo pomocnou rukou mohou b\u00fdt ochotn\u00ed a problematiky znal\u00ed prodava\u010di nebo asistenti. Jsou-li \u010destn\u00ed a nepropaguj\u00ed-li jednu zna\u010dku na \u00fakor va\u0161ich pot\u0159eb, tak pro v\u00e1s mohou b\u00fdt zlat\u00fdm dolem na u\u0161et\u0159en\u00ed \u010dasu. Nemus\u00edte si nic vyhled\u00e1vat sami, ale jednodu\u0161e jim sd\u011bl\u00edte sv\u00e9 p\u0159edstavy a po\u017eadavky a oni je porovnaj\u00ed s&nbsp;nab\u00eddkou na trhu a vyberou ide\u00e1ln\u00ed mo\u017enost pro v\u00e1s. Proto si jich va\u017ete a nikdy se k&nbsp;nim nechovejte jako ke sv\u00fdm sluh\u016fm! Proka\u017ete pros\u00edm, \u017ee jste inteligentn\u00ed tvorov\u00e9, kte\u0159\u00ed vn\u00edmaj\u00ed, \u017ee na druh\u00e9 stran\u011b pultu je \u010dlov\u011bk, kter\u00fd si zaslou\u017e\u00ed stejn\u011b \u00facty a lidskosti jako vy sami!                                                                                                                                                                                                                                                                                                                                                                                        4.9\/5 - (10 votes)        "},{"@context":"https:\/\/schema.org\/","@type":"BreadcrumbList","itemListElement":[{"@type":"ListItem","position":1,"name":"To je ale t\u00edha!","item":"https:\/\/www.camarko.cz\/to-je-ale-tiha\/#breadcrumbitem"}]}]