[{"@context":"https:\/\/schema.org\/","@type":"Article","@id":"https:\/\/www.camarko.cz\/pravy-prava-prave\/#Article","mainEntityOfPage":"https:\/\/www.camarko.cz\/pravy-prava-prave\/","headline":"Prav\u00fd, prav\u00e1, prav\u00e9\u2026","name":"Prav\u00fd, prav\u00e1, prav\u00e9\u2026","description":"Na\u0161li jste tu pravou, se kterou chcete str\u00e1vit zbytek sv\u00e9ho \u017eivota? Pokud ano a vy chcete u\u010dinit jeden z nejd\u016fle\u017eit\u011bj\u0161\u00edho okam\u017eik\u016f pro v\u00e1s pro oba, &hellip; ","datePublished":"2024-11-23","dateModified":"2024-11-23","author":{"@type":"Person","@id":"https:\/\/www.camarko.cz\/author\/#Person","name":"","url":"https:\/\/www.camarko.cz\/author\/","identifier":1,"image":{"@type":"ImageObject","@id":"https:\/\/secure.gravatar.com\/avatar\/232437c79d6ebbb41eb67b1526ce0bc08ee5047d6b1594dc05abcc3258d8e0b3?s=96&d=mm&r=g","url":"https:\/\/secure.gravatar.com\/avatar\/232437c79d6ebbb41eb67b1526ce0bc08ee5047d6b1594dc05abcc3258d8e0b3?s=96&d=mm&r=g","height":96,"width":96}},"publisher":{"@type":"Organization","name":"camarko.cz","logo":{"@type":"ImageObject","@id":"\/logo.png","url":"\/logo.png","width":600,"height":60}},"url":"https:\/\/www.camarko.cz\/pravy-prava-prave\/","wordCount":172,"articleBody":"Na\u0161li jste tu pravou, se kterou chcete str\u00e1vit zbytek sv\u00e9ho \u017eivota? Pokud ano a vy chcete u\u010dinit jeden z nejd\u016fle\u017eit\u011bj\u0161\u00edho okam\u017eik\u016f pro v\u00e1s pro oba, pod\u00edvejte se k n\u00e1m na ty nej\u00fa\u017easn\u011bj\u0161\u00ed kousky ze sortimentu z\u00e1snubn\u00edch prsten\u016f. Ojedin\u011bl\u00fd luxus, kvalitu, design a prvot\u0159\u00eddn\u00ed slu\u017eby v\u00e1m m\u016f\u017eeme zaru\u010dit pr\u00e1v\u011b my. Tak na co \u010dek\u00e1te?\tOrigin\u00e1ln\u00ed pro ka\u017edouChcete sv\u00e9 p\u0159\u00edtelkyni po\u0159\u00eddit ten nejhez\u010d\u00ed d\u016fkaz l\u00e1sky na onen dlouho p\u0159ipravovan\u00fd den, ale boj\u00edte se, \u017ee \u017e\u00e1dn\u00fd z nich nebude tak origin\u00e1ln\u00ed, abyste dok\u00e1zali p\u0159ekvapit? Nena\u0161li jste zat\u00edm ten prav\u00fd origin\u00e1l, kter\u00fd by byl tak perfektn\u00ed a dokonal\u00fd pro ni? My v\u00e1m zaru\u010d\u00edme p\u0159esn\u011b to o \u010dem s n\u00ed ka\u017ed\u00e1 \u017eena. Ojedin\u011bl\u00fd a origin\u00e1ln\u00ed design, kter\u00fd si zamiluje ka\u017ed\u00e1 \u017eena. Vybrala by si u n\u00e1s ka\u017ed\u00e1.                                                                                                                                                                                                                                                                                                                                                                                        4\/5 - (4 votes)        "},{"@context":"https:\/\/schema.org\/","@type":"BreadcrumbList","itemListElement":[{"@type":"ListItem","position":1,"name":"Prav\u00fd, prav\u00e1, prav\u00e9\u2026","item":"https:\/\/www.camarko.cz\/pravy-prava-prave\/#breadcrumbitem"}]}]