[{"@context":"https:\/\/schema.org\/","@type":"Article","@id":"https:\/\/www.camarko.cz\/nejcastejsi-nemoc-dnesni-doby\/#Article","mainEntityOfPage":"https:\/\/www.camarko.cz\/nejcastejsi-nemoc-dnesni-doby\/","headline":"Nej\u010dast\u011bj\u0161\u00ed nemoc dne\u0161n\u00ed doby","name":"Nej\u010dast\u011bj\u0161\u00ed nemoc dne\u0161n\u00ed doby","description":"V dne\u0161n\u00ed dob\u011b, kdy se lid\u00e9 bez po\u010d\u00edta\u010d\u016f t\u00e9m\u011b\u0159 neobejdou, vznikaj\u00ed \u010d\u00edm d\u00e1l \u010dast\u011bji onemocn\u011bn\u00ed, kter\u00e1 d\u0159\u00edv\u011bj\u0161\u00ed generace netr\u00e1pila. Typick\u00fdm p\u0159\u00edkladem, s kter\u00fdm se setkal &hellip; ","datePublished":"2024-11-28","dateModified":"2024-11-28","author":{"@type":"Person","@id":"https:\/\/www.camarko.cz\/author\/#Person","name":"","url":"https:\/\/www.camarko.cz\/author\/","identifier":1,"image":{"@type":"ImageObject","@id":"https:\/\/secure.gravatar.com\/avatar\/232437c79d6ebbb41eb67b1526ce0bc08ee5047d6b1594dc05abcc3258d8e0b3?s=96&d=mm&r=g","url":"https:\/\/secure.gravatar.com\/avatar\/232437c79d6ebbb41eb67b1526ce0bc08ee5047d6b1594dc05abcc3258d8e0b3?s=96&d=mm&r=g","height":96,"width":96}},"publisher":{"@type":"Organization","name":"camarko.cz","logo":{"@type":"ImageObject","@id":"\/logo.png","url":"\/logo.png","width":600,"height":60}},"url":"https:\/\/www.camarko.cz\/nejcastejsi-nemoc-dnesni-doby\/","wordCount":174,"articleBody":"V dne\u0161n\u00ed dob\u011b, kdy se lid\u00e9 bez po\u010d\u00edta\u010d\u016f t\u00e9m\u011b\u0159 neobejdou, vznikaj\u00ed \u010d\u00edm d\u00e1l \u010dast\u011bji onemocn\u011bn\u00ed, kter\u00e1 d\u0159\u00edv\u011bj\u0161\u00ed generace netr\u00e1pila. Typick\u00fdm p\u0159\u00edkladem, s kter\u00fdm se setkal t\u00e9m\u011b\u0159 ka\u017ed\u00fd, kdo m\u00e1 sedav\u00e9 zam\u011bstn\u00e1n\u00ed, je \u00faporn\u00e1 bolest zad, se kterou si \u010dasto ani l\u00e9ka\u0159i nev\u00ed rady. Z\u00e1da jsou p\u0159i nespr\u00e1vn\u00e9m sezen\u00ed p\u0159et\u00ed\u017een\u00e1 a \u010dasem pomohou u\u017e pouze rehabilitace od zku\u0161en\u00e9ho zdravotn\u00edka. Samotn\u00fd pohyb je p\u016fl \u00fasp\u011bchu Pohyb jako takov\u00fd, je v\u00fdborn\u00fdm bojovn\u00edkem proti v\u00fd\u0161e zmi\u0148ovan\u00fdm obt\u00ed\u017e\u00edm. Cvi\u010den\u00ed prot\u00e1hne v\u0161echny d\u016fle\u017eit\u00e9 svaly a zlep\u0161\u00ed jejich celkov\u00e9 dr\u017een\u00ed. Nem\u00e9n\u011b d\u016fle\u017eit\u00e9 je v\u0161ak i to, na \u010dem v pr\u016fb\u011bhu dne sed\u00edme. V\u00fdborn\u00fdm pomocn\u00edkem je nap\u0159\u00edklad dynamicko-sm\u011brov\u00fd pol\u0161t\u00e1\u0159, kter\u00fd dr\u017e\u00ed p\u00e1te\u0159 ve vzp\u0159\u00edmen\u00e9 poloze a zaji\u0161\u0165uje po\u017eadovan\u00e9 nap\u011bt\u00ed svalstva.                                                                                                                                                                                                                                                                                                                                                                                        5\/5 - (2 votes)        "},{"@context":"https:\/\/schema.org\/","@type":"BreadcrumbList","itemListElement":[{"@type":"ListItem","position":1,"name":"Nej\u010dast\u011bj\u0161\u00ed nemoc dne\u0161n\u00ed doby","item":"https:\/\/www.camarko.cz\/nejcastejsi-nemoc-dnesni-doby\/#breadcrumbitem"}]}]