[{"@context":"https:\/\/schema.org\/","@type":"Article","@id":"https:\/\/www.camarko.cz\/motivace-a-organizace-s-jedinecnym-diarem\/#Article","mainEntityOfPage":"https:\/\/www.camarko.cz\/motivace-a-organizace-s-jedinecnym-diarem\/","headline":"Motivace a organizace s jedine\u010dn\u00fdm di\u00e1\u0159em","name":"Motivace a organizace s jedine\u010dn\u00fdm di\u00e1\u0159em","description":"DOLLER je motiva\u010dn\u00ed di\u00e1\u0159 zam\u011b\u0159en\u00fd na dlouhodob\u00e9 pl\u00e1nov\u00e1n\u00ed a kreativn\u00ed my\u0161len\u00ed. Za jeho v\u00fdrobou a vzhledem stoj\u00ed dv\u011b kreativn\u00ed mysli, Ji\u0159\u00ed Dole\u017eal a Jan Emler. &hellip; ","datePublished":"2023-06-09","dateModified":"2023-06-09","author":{"@type":"Person","@id":"https:\/\/www.camarko.cz\/author\/#Person","name":"","url":"https:\/\/www.camarko.cz\/author\/","identifier":1,"image":{"@type":"ImageObject","@id":"https:\/\/secure.gravatar.com\/avatar\/232437c79d6ebbb41eb67b1526ce0bc08ee5047d6b1594dc05abcc3258d8e0b3?s=96&d=mm&r=g","url":"https:\/\/secure.gravatar.com\/avatar\/232437c79d6ebbb41eb67b1526ce0bc08ee5047d6b1594dc05abcc3258d8e0b3?s=96&d=mm&r=g","height":96,"width":96}},"publisher":{"@type":"Organization","name":"camarko.cz","logo":{"@type":"ImageObject","@id":"\/logo.png","url":"\/logo.png","width":600,"height":60}},"image":{"@type":"ImageObject","@id":"https:\/\/www.camarko.cz\/wp-content\/uploads\/img_a309461_w1983_t1520408620.jpg","url":"https:\/\/www.camarko.cz\/wp-content\/uploads\/img_a309461_w1983_t1520408620.jpg","height":0,"width":0},"url":"https:\/\/www.camarko.cz\/motivace-a-organizace-s-jedinecnym-diarem\/","wordCount":466,"articleBody":"DOLLER je motiva\u010dn\u00ed di\u00e1\u0159 zam\u011b\u0159en\u00fd na dlouhodob\u00e9 pl\u00e1nov\u00e1n\u00ed a kreativn\u00ed my\u0161len\u00ed. Za jeho v\u00fdrobou a vzhledem stoj\u00ed dv\u011b kreativn\u00ed mysli, Ji\u0159\u00ed Dole\u017eal a Jan Emler. Projekt vznikl p\u0159ed dv\u011bma lety a nen\u00ed je prod\u00e1no ji\u017e v\u00edce jak 48 tis\u00edc v\u00fdtisk\u016f v \u010de\u0161tin\u011b, angli\u010dtin\u011b, n\u011bm\u010din\u011b a sloven\u0161tin\u011b. Z\u00e1kladem tohoto di\u00e1\u0159e je pr\u00e1v\u011b va\u0161e kreativita, proto\u017ee nen\u00ed datovan\u00fd, tak\u017ee si ho m\u016f\u017eete zakoupit kdykoli b\u011bhem roku a za\u010d\u00edt od jeho za\u010d\u00e1tku a ne od prost\u0159edka. Podnik\u00e1n\u00ed a osobn\u00ed rozvoj toti\u017e nemus\u00ed za\u010d\u00edt 1. ledna.\tZ\u00e1klad funguj\u00edc\u00edho, \u00fasp\u011b\u0161n\u00e9ho byznysuPodle slov Ji\u0159\u00edho Dole\u017eala je velmi d\u016fle\u017eit\u00fdm pr\u00e1v\u011b fakt, \u017ee jsou na to dva. V\u011bt\u0161ina lid\u00ed v\u00e1m toti\u017e \u0159ekne, \u017ee se m\u00e1 podnikat v lich\u00e9m po\u010dtu a t\u0159i u\u017e jsou a\u017e moc. Jejich podnik\u00e1n\u00ed ve dvou ale pova\u017euj\u00ed za jednu z nejv\u011bt\u0161\u00edch v\u00fdhod, proto\u017ee ka\u017ed\u00fd z nich je \u00fapln\u011b jin\u00fd. I kdy\u017e se stane, \u017ee se ohledn\u011b n\u011b\u010deho poh\u00e1daj\u00ed, z\u00e1kladem je nechat ego stranou a zam\u011b\u0159it se na to d\u016fle\u017eit\u00e9. Na c\u00edle a d\u016fvody toho, co a pro\u010d d\u011blaj\u00ed.\u00a0Honza Emler je sp\u00ed\u0161e kreativec, Ji\u0159\u00ed Dole\u017eal uva\u017euje zase v\u00edce kvantitativn\u011b. Pr\u00e1v\u011b toto spojen\u00ed je z\u00e1kladem pro \u00fasp\u011b\u0161n\u00fd byznys zejm\u00e9na v oblasti, kde je spojuje kreativita, podnik\u00e1n\u00ed a vysok\u00e9 osobn\u00ed c\u00edle dohromady.\tPropagace prost\u0159ednictv\u00edm soci\u00e1ln\u00edch slu\u017eebSoci\u00e1ln\u00ed s\u00edt\u011b se staly prost\u0159edkem, kter\u00fd lze vyu\u017e\u00edvat nejen k osobn\u00edm \u00fa\u010del\u016fm. Jedn\u00e1 se tak\u00e9 o skv\u011bl\u00fd zp\u016fsob n\u00edzkorozpo\u010dtov\u00e9 propagace. Auto\u0159i DOLLERu pou\u017e\u00edvaj\u00ed soci\u00e1ln\u00ed s\u00edt\u011b skute\u010dn\u011b hodn\u011b, a to nejen k propagaci sv\u00e9ho di\u00e1\u0159e, ale tak\u00e9 ke sd\u00edlen\u00ed cel\u00e9ho procesu, ukazuj\u00ed potenci\u00e1ln\u00edm z\u00e1kazn\u00edk\u016fm, jak m\u016f\u017ee di\u00e1\u0159 vypadat, jak ho pou\u017e\u00edvat a kdo a pro\u010d za cel\u00fdm projektem stoj\u00ed.\u00a0Na soci\u00e1ln\u00edch s\u00edt\u00edch sd\u00edlej\u00ed fotky sv\u00fdch fanou\u0161k\u016f, kte\u0159\u00ed si di\u00e1\u0159 po\u0159\u00eddili a aktivn\u011b ho pou\u017e\u00edvaj\u00ed. Fanou\u0161ci sami jim tak\u00e9 d\u011blaj\u00ed reklamu t\u00edm, \u017ee sd\u00edlej\u00ed fotky a stories s DOLLERem. Spokojen\u00fd z\u00e1kazn\u00edk je nejlep\u0161\u00ed a nejefektivn\u011bj\u0161\u00ed reklamou, a proto je spr\u00e1vn\u00e9 vyu\u017e\u00edv\u00e1n\u00ed soci\u00e1ln\u00edch s\u00edt\u00ed v sou\u010dasn\u00e9m byznysu velice d\u016fle\u017eit\u00e9. Mus\u00edte m\u00edt ov\u0161em samoz\u0159ejm\u011b produkt, kter\u00fd na soci\u00e1ln\u00edch s\u00edt\u00edch lze propagovat a kter\u00fd lze dob\u0159e a kreativn\u011b nafotit.\u00a0                                                                                                                                                                                                                                                                                                                                                                                        4\/5 - (8 votes)        "},{"@context":"https:\/\/schema.org\/","@type":"BreadcrumbList","itemListElement":[{"@type":"ListItem","position":1,"name":"Motivace a organizace s jedine\u010dn\u00fdm di\u00e1\u0159em","item":"https:\/\/www.camarko.cz\/motivace-a-organizace-s-jedinecnym-diarem\/#breadcrumbitem"}]}]