[{"@context":"https:\/\/schema.org\/","@type":"Article","@id":"https:\/\/www.camarko.cz\/kral-slunce-zakryval-ples-parukou\/#Article","mainEntityOfPage":"https:\/\/www.camarko.cz\/kral-slunce-zakryval-ples-parukou\/","headline":"Kr\u00e1l Slunce zakr\u00fdval ple\u0161 parukou","name":"Kr\u00e1l Slunce zakr\u00fdval ple\u0161 parukou","description":"\u010c\u00edm vlastn\u011b kr\u00e1l Ludv\u00edk XIV., kter\u00fd si s\u00e1m dal p\u0159\u00edzvisko Kr\u00e1l Slunce, vynikal? Kdy\u017e pomineme to, \u017ee to byl nejd\u00e9le panuj\u00edc\u00ed monarcha ve francouzsk\u00e9 historii &hellip; ","datePublished":"2023-06-09","dateModified":"2023-06-09","author":{"@type":"Person","@id":"https:\/\/www.camarko.cz\/author\/#Person","name":"","url":"https:\/\/www.camarko.cz\/author\/","identifier":1,"image":{"@type":"ImageObject","@id":"https:\/\/secure.gravatar.com\/avatar\/232437c79d6ebbb41eb67b1526ce0bc08ee5047d6b1594dc05abcc3258d8e0b3?s=96&d=mm&r=g","url":"https:\/\/secure.gravatar.com\/avatar\/232437c79d6ebbb41eb67b1526ce0bc08ee5047d6b1594dc05abcc3258d8e0b3?s=96&d=mm&r=g","height":96,"width":96}},"publisher":{"@type":"Organization","name":"camarko.cz","logo":{"@type":"ImageObject","@id":"\/logo.png","url":"\/logo.png","width":600,"height":60}},"image":{"@type":"ImageObject","@id":"https:\/\/www.camarko.cz\/wp-content\/uploads\/img_a329379_w2678_t1541858983.jpg","url":"https:\/\/www.camarko.cz\/wp-content\/uploads\/img_a329379_w2678_t1541858983.jpg","height":0,"width":0},"url":"https:\/\/www.camarko.cz\/kral-slunce-zakryval-ples-parukou\/","wordCount":404,"articleBody":"\u010c\u00edm vlastn\u011b kr\u00e1l Ludv\u00edk XIV., kter\u00fd si s\u00e1m dal p\u0159\u00edzvisko Kr\u00e1l Slunce, vynikal? Kdy\u017e pomineme to, \u017ee to byl nejd\u00e9le panuj\u00edc\u00ed monarcha ve francouzsk\u00e9 historii (a tak\u00e9 nebudeme zkoumat n\u011bkter\u00e9 politick\u00e9 ud\u00e1losti), pak mus\u00edme zm\u00ednit jednu pikantnost. Jen pro p\u0159esnost \u2013 vl\u00e1dl neuv\u011b\u0159iteln\u00fdch dvaasedmdes\u00e1t let. Tud\u00ed\u017e ho nep\u0159ed\u010dil ani n\u00e1\u0161 Franti\u0161ek Josef I. se sv\u00fdmi osma\u0161edes\u00e1t\u00ed roky na tr\u016fnu.\u00a7\u00a0 Velice zn\u00e1m\u00fd je obraz kr\u00e1le Ludv\u00edka XIV., na kter\u00e9m je zpodobn\u011bn s obrovskou \u010dernou kudrnatou k\u0161tic\u00ed.\u00a7\u00a0 A to je pr\u00e1v\u011b ta pikantnost, kterou se zapsal do d\u011bjin.Pochopiteln\u011b, \u017ee to nebyly jeho vlasy, ale umn\u011b vytvo\u0159en\u00e1 paruka. Tenkr\u00e1t toti\u017e m\u011bly v\u0161echny spole\u010densk\u00e9 vrstvy probl\u00e9m s nep\u0159\u00edjemnou syfilidou. Ta se, krom jin\u00e9ho, tak\u00e9 projevovala t\u00edm, \u017ee b\u011bhem kr\u00e1tk\u00e9 chv\u00edle prost\u011b vypadaly vlasy. Pro sedl\u00e1ka to jist\u011b takov\u00e9 ne\u0161t\u011bst\u00ed nebylo, ale kr\u00e1l by mohl b\u00fdt spole\u010densky znemo\u017en\u011bn. Nasadil si tedy paruku a bylo po starostech.\tA v\u0161i nem\u011bly \u0161anciDruh\u00fdm probl\u00e9mem byly samoz\u0159ejm\u011b v\u0161i. Oholit si hlavu a r\u00e1no si vlasy prost\u011b obl\u00e9knout bylo jist\u011b prakti\u010dt\u011bj\u0161\u00ed a p\u0159\u00edjemn\u011bj\u0161\u00ed ne\u017eli trp\u011bt jako zv\u00ed\u0159e p\u0159i okusov\u00e1n\u00ed parazity. Paruky se vyr\u00e1b\u011bly z ko\u0148sk\u00fdch a koz\u00edch chlup\u016f i lidsk\u00fdch vlas\u016f.\u00a7\u00a0 Zm\u00edn\u011bn\u00fd francouzsk\u00fd Kr\u00e1l Slunce za\u010dal paruku nosit u\u017e v sedmn\u00e1cti letech.\u00a7\u00a0 Jeho p\u0159\u00edklad napodobil i anglick\u00fd vlada\u0159 Karel II.&#8211;\u00a0\u00a0\u00a0\u00a0\u00a0\u00a0\u00a0\u00a0 Ten sice neza\u010dal ple\u0161at\u011bt a jestli m\u011bl ve sv\u00e9 k\u0161tici n\u00e1jemn\u00edky tak\u00e9 nev\u00edme, ale za\u010dal velice brzy \u0161ediv\u011bt.&#8211;\u00a0\u00a0\u00a0\u00a0\u00a0\u00a0\u00a0\u00a0 A ani to nebylo p\u0159\u00edli\u0161 spole\u010densky p\u0159\u00edpustn\u00e9.Samoz\u0159ejm\u011b, \u017ee se paruky brzy staly obl\u00edben\u00e9 i u dvo\u0159an\u016f. Co bylo dobr\u00e9 pro kr\u00e1le, bylo dobr\u00e9 i pro n\u011b. Tento trend se dr\u017eel a\u017e do konce osmn\u00e1ct\u00e9ho stolet\u00ed, kdy lid\u00e9 za\u010dali v\u00edce db\u00e1t na hygienu a p\u0159estali parazity br\u00e1t jako b\u011b\u017enou sou\u010d\u00e1st sv\u00fdch \u017eivot\u016f. Vlasy se nechali nar\u016fst vlastn\u00ed, jen si je p\u0159irozen\u011b zkr\u00e1tili. Sta\u010d\u00ed se pod\u00edvat na vojensk\u00fd sest\u0159ih Napoleona Bonaparte.                                                                                                                                                                                                                                                                                                                                                                                        4.2\/5 - (8 votes)        "},{"@context":"https:\/\/schema.org\/","@type":"BreadcrumbList","itemListElement":[{"@type":"ListItem","position":1,"name":"Kr\u00e1l Slunce zakr\u00fdval ple\u0161 parukou","item":"https:\/\/www.camarko.cz\/kral-slunce-zakryval-ples-parukou\/#breadcrumbitem"}]}]