[{"@context":"https:\/\/schema.org\/","@type":"Article","@id":"https:\/\/www.camarko.cz\/kancelarsky-nabytek\/#Article","mainEntityOfPage":"https:\/\/www.camarko.cz\/kancelarsky-nabytek\/","headline":"Kancel\u00e1\u0159sk\u00fd n\u00e1bytek","name":"Kancel\u00e1\u0159sk\u00fd n\u00e1bytek","description":"Vyb\u00edr\u00e1te zrovna n\u00e1bytek, do va\u0161\u00ed nov\u00e9 kancel\u00e1\u0159e? Pokud ano, pak jist\u011b v\u00edte, \u017ee je mo\u017en\u00e9 vybrat si z \u0161irok\u00e9 nab\u00eddky, kter\u00e1 je moment\u00e1ln\u011b na trhu. &hellip; ","datePublished":"2019-07-20","dateModified":"2023-06-09","author":{"@type":"Person","@id":"https:\/\/www.camarko.cz\/author\/#Person","name":"","url":"https:\/\/www.camarko.cz\/author\/","identifier":1,"image":{"@type":"ImageObject","@id":"https:\/\/secure.gravatar.com\/avatar\/232437c79d6ebbb41eb67b1526ce0bc08ee5047d6b1594dc05abcc3258d8e0b3?s=96&d=mm&r=g","url":"https:\/\/secure.gravatar.com\/avatar\/232437c79d6ebbb41eb67b1526ce0bc08ee5047d6b1594dc05abcc3258d8e0b3?s=96&d=mm&r=g","height":96,"width":96}},"publisher":{"@type":"Organization","name":"camarko.cz","logo":{"@type":"ImageObject","@id":"\/logo.png","url":"\/logo.png","width":600,"height":60}},"image":{"@type":"ImageObject","@id":"https:\/\/www.camarko.cz\/wp-content\/uploads\/img_a353638_w1718_t1568106197.jpg","url":"https:\/\/www.camarko.cz\/wp-content\/uploads\/img_a353638_w1718_t1568106197.jpg","height":0,"width":0},"url":"https:\/\/www.camarko.cz\/kancelarsky-nabytek\/","about":["N\u00e1kupy"],"wordCount":471,"articleBody":"  Vyb\u00edr\u00e1te zrovna n\u00e1bytek, do va\u0161\u00ed nov\u00e9 kancel\u00e1\u0159e? Pokud ano, pak jist\u011b v\u00edte, \u017ee je mo\u017en\u00e9 vybrat si z \u0161irok\u00e9 nab\u00eddky, kter\u00e1 je moment\u00e1ln\u011b na trhu. Dalo by se \u0159\u00edct, \u017ee n\u00e1bytek je mo\u017en\u00e9 rozd\u011blit na norm\u00e1ln\u00ed a modern\u00ed. Modern\u00ed je mo\u017en\u00e9 oby\u010dejn\u011b zakoupit, nebo si nechat vyrobit na zak\u00e1zku. P\u0159i za\u0159izov\u00e1n\u00ed je ale pot\u0159eba m\u00edt na pam\u011bti, \u017ee v kancel\u00e1\u0159i je pot\u0159eba se c\u00edtit v\u00edce ne\u017e dob\u0159e. Je pot\u0159eba pracovat v takov\u00e9m prost\u0159ed\u00ed, ve kter\u00e9m se v\u00e1m bude dob\u0159e soust\u0159edit. Nesm\u00ed chyb\u011bt ani prakti\u010dnost. Jestli\u017ee ale nem\u00e1te r\u00e1di modern\u00ed styl kancel\u00e1\u0159sk\u00e9ho n\u00e1bytku, pak m\u016f\u017eete zvolit kancel\u00e1\u0159sk\u00fd n\u00e1bytek nabytek \u2013 elegance.cz v holandsk\u00e9m stylu, kter\u00fd pro v\u00e1s bude nejlep\u0161\u00ed. Sami uvid\u00edte, \u017ee va\u0161e kancel\u00e1\u0159 bude najednou p\u016fsobit vzne\u0161en\u011b. Pokud je n\u011bco, co v kancel\u00e1\u0159i rozhodn\u011b nesm\u00ed chyb\u011bt, pak je to pracovn\u00ed st\u016fl a pohodln\u00e1 \u017eidle. Co se t\u00fdk\u00e1 pracovn\u00edho stolu, m\u011bl by b\u00fdt dostate\u010dn\u011b vysok\u00fd. Je pot\u0159eba myslet na to, aby byla v\u00fd\u0161ka stolu takov\u00e1, aby \u00fahel va\u0161eho p\u0159edlokt\u00ed s deskou sv\u00edral devades\u00e1t stup\u0148\u016f. Jestli je n\u011bco, co je ide\u00e1ln\u00ed, pak mo\u017enost nastaven\u00ed v\u00fd\u0161ky stolu podle toho, jak v\u00e1m to vyhovuje. Pamatujte si, \u017ee na st\u016fl nepat\u0159\u00ed sklo. U\u017e jen z toho d\u016fvodu, \u017ee je na dotek studen\u00e9. Krom\u011b toho je\u0161t\u011b nav\u00edc vytv\u00e1\u0159\u00ed odlesky sv\u011btla, kter\u00e9 nejsou tak \u00fapln\u011b vhodn\u00e9 pro o\u010di. Ji\u017e v\u00fd\u0161e jsme zmi\u0148ovali, \u017ee nesm\u00ed chyb\u011bt ani kancel\u00e1\u0159sk\u00e1 \u017eidle. U t\u00e9 je nejlep\u0161\u00ed, pokud m\u00e1te mo\u017enost dynamick\u00e9ho sezen\u00ed. Znamen\u00e1 to tedy, \u017ee je mo\u017en\u00e9 zm\u011bnit sklon sezen\u00ed. Je pot\u0159eba, abyste mysleli na sv\u00e1  z\u00e1da . P\u0159i po\u0159izov\u00e1n\u00ed myslete na to, \u017ee je pot\u0159eba, aby p\u00e1te\u0159i byla poskytnuta opora. Myslet byste m\u011bli i na sv\u00e9 ruce a nohy, jeliko\u017e v kancel\u00e1\u0159\u00edch str\u00e1v\u00edte n\u011bkolik hodin v sed\u00edc\u00ed poloze. Vhodn\u00e9 je pou\u017e\u00edvat podlo\u017eku pod notebook. Po\u0159\u00eddit byste si mohli i police. Vhodn\u00e9 jsou uzav\u0159en\u00e9 sk\u0159\u00ed\u0148ky, do kter\u00fdch m\u016f\u017eete v\u011bci schovat takov\u00fdm zp\u016fsobem, \u017ee nep\u016fjdou vid\u011bt. Na st\u011bny ale m\u016f\u017eete p\u0159imontovat police otev\u0159en\u00e9, kter\u00fdmi nic nezkaz\u00edte. Mezi vhodn\u00e9 materi\u00e1ly pat\u0159\u00ed d\u0159evot\u0159\u00edska, d\u00fdha nebo MDF desky. Pokud byste s n\u011b\u010d\u00edm pot\u0159ebovali poradit, pak se ur\u010dit\u011b nev\u00e1hejte zeptat. Nen\u00ed nic d\u016fle\u017eit\u011bj\u0161\u00edho, ne\u017e va\u0161e spokojenost.                                                                                                                                                                                                                                                                                                                                                                                         3.5\/5 - (8 votes)        "},{"@context":"https:\/\/schema.org\/","@type":"BreadcrumbList","itemListElement":[{"@type":"ListItem","position":1,"name":"Kancel\u00e1\u0159sk\u00fd n\u00e1bytek","item":"https:\/\/www.camarko.cz\/kancelarsky-nabytek\/#breadcrumbitem"}]}]