[{"@context":"https:\/\/schema.org\/","@type":"Article","@id":"https:\/\/www.camarko.cz\/jake-to-je-zit-v-hlavnim-meste\/#Article","mainEntityOfPage":"https:\/\/www.camarko.cz\/jake-to-je-zit-v-hlavnim-meste\/","headline":"Jak\u00e9 to je \u017e\u00edt v hlavn\u00edm m\u011bst\u011b?","name":"Jak\u00e9 to je \u017e\u00edt v hlavn\u00edm m\u011bst\u011b?","description":"Praha pro n\u011bkoho na \u017eivot m\u016f\u017ee p\u016fsobit norm\u00e1ln\u011b, n\u011bkomu se v Praze dokonce l\u00edb\u00ed, proto\u017ee je to p\u0159eci jen hlavn\u00ed m\u011bsto a je tam \u00fapln\u011b &hellip; ","datePublished":"2023-02-19","dateModified":"2024-02-12","author":{"@type":"Person","@id":"https:\/\/www.camarko.cz\/author\/#Person","name":"","url":"https:\/\/www.camarko.cz\/author\/","identifier":1,"image":{"@type":"ImageObject","@id":"https:\/\/secure.gravatar.com\/avatar\/232437c79d6ebbb41eb67b1526ce0bc08ee5047d6b1594dc05abcc3258d8e0b3?s=96&d=mm&r=g","url":"https:\/\/secure.gravatar.com\/avatar\/232437c79d6ebbb41eb67b1526ce0bc08ee5047d6b1594dc05abcc3258d8e0b3?s=96&d=mm&r=g","height":96,"width":96}},"publisher":{"@type":"Organization","name":"camarko.cz","logo":{"@type":"ImageObject","@id":"\/logo.png","url":"\/logo.png","width":600,"height":60}},"image":{"@type":"ImageObject","@id":"https:\/\/www.camarko.cz\/wp-content\/uploads\/prague-3010407__340.jpg","url":"https:\/\/www.camarko.cz\/wp-content\/uploads\/prague-3010407__340.jpg","height":0,"width":0},"url":"https:\/\/www.camarko.cz\/jake-to-je-zit-v-hlavnim-meste\/","about":["Internet"],"wordCount":482,"articleBody":"   Praha pro n\u011bkoho na \u017eivot m\u016f\u017ee p\u016fsobit norm\u00e1ln\u011b, n\u011bkomu se v Praze dokonce l\u00edb\u00ed, proto\u017ee je to p\u0159eci jen hlavn\u00ed m\u011bsto a je tam \u00fapln\u011b jin\u00fd \u017eivot ne\u017e v\u0161ude jinde. Je to jin\u00fd sv\u011bt, ov\u0161em n\u00e1m se tam l\u00edb\u00ed mo\u017en\u00e1 jen proto, \u017ee se tam vyd\u00e1me jednou za \u010das, a to je\u0161t\u011b jen tak na dovolenou nebo za odpo\u010dinkem, ale nev\u00edme p\u0159esn\u011b, jak\u00e9 to je v Praze \u017e\u00edt. Kdy\u017e tam jede \u010dlov\u011bk jako turista, nen\u00ed to nic \u0161patn\u00e9ho a celou Prahu vid\u00ed p\u0159es r\u016f\u017eov\u00e9 br\u00fdle, proto\u017ee Praha jako takov\u00e1 je moc kr\u00e1sn\u00e1, je to m\u011bsto se star\u00fdmi budovami, m\u00e1 n\u011bkolik v\u011b\u017e\u00ed, je tam plno m\u00edst, kter\u00e9 m\u016f\u017eete nav\u0161t\u00edvit, logicky proto je to tak\u00e9 hlavn\u00ed m\u011bsto \u010cesk\u00e9 republiky, jinak by asi hlavn\u00edm m\u011bstem bylo n\u011bjak\u00e9 jin\u00e9. Praha jako takov\u00e1 m\u00e1 nav\u00edc hodn\u011b mo\u017enost\u00ed, na druhou stranu tam je velmi t\u011b\u017ek\u00e9 p\u0159ij\u00edt s n\u011b\u010d\u00edm nov\u00fdm, v\u011bt\u0161inou u\u017e tam v\u0161echno je. Pokud ale na n\u011bco \u00fapln\u011b nov\u00e9ho p\u0159ijdete, tak v\u011b\u0159te, \u017ee to m\u016f\u017ee b\u00fdt dost \u00fasp\u011b\u0161n\u00e9 a lid\u00e9 tam opravdu budou chodit, nezapome\u0148te na turisty, kte\u0159\u00ed cht\u011bj\u00ed v Praze vyzkou\u0161et naprosto v\u0161echno. Pr\u00e1v\u011b proto je to r\u00e1j podnikatel\u016f, na druhou stranu je zde hodn\u011b konkurence, proto\u017ee se to v Praze podniky jen hem\u017e\u00ed. Najdete tam n\u011bkolik stovek kav\u00e1ren, hospod, restaurac\u00ed, bar\u016f a podobn\u011b, dokonce tam jsou v\u0161elijak\u00e9 bl\u00e1zniv\u00e9 v\u011bci, kter\u00e9 m\u016f\u017eete vyzkou\u0161et, o kter\u00fdch se v\u00e1m ani nesnilo, i kdy\u017e jste z \u010cesk\u00e9 republiky. Praha je toti\u017e takov\u00e9 m\u011bsto, kde je pot\u0159eba m\u00edt tyto v\u011bci a sna\u017eit se o to, abychom zaujali v\u0161echny turisty z cel\u00e9ho sv\u011bta, kte\u0159\u00ed k n\u00e1m zav\u00edtaj\u00ed. Je t\u0159eba, aby m\u011bli turist\u00e9 pohled na \u010ceskou republiku obohacen o nekone\u010dn\u00e9 mo\u017enosti, kam si p\u0159es den zaj\u00edt nakoupit, kde se naj\u00edst, kde za\u017e\u00edt n\u011bjakou z\u00e1bavu a kde se j\u00edt ve\u010der op\u00edt. Ov\u0161em je to tak r\u016f\u017eov\u00e9 tam i bydlet?Pokud m\u00e1te trval\u00fd pobyt v Praze Profisidla, tak jste jednak \u0161\u0165astlivci, \u017ee \u017eijete v hlavn\u00edm m\u011bst\u011b s tolika mo\u017enostmi, na druhou stranu jsou samoz\u0159ejm\u011b hezk\u00e9 lokality jen v centru a kdy\u017e jdete v Praze d\u00e1l, tak je to tam \u00fapln\u011b stejn\u00e9 a \u0161pinav\u00e9 jako kdekoliv jinde. Nav\u00edc v Praze se to hem\u017e\u00ed i v\u011bt\u0161\u00ed kriminalitou, tak\u017ee si na sebe mus\u00edte d\u00e1vat opravdu velk\u00fd pozor. Jinak je v Praze asi kr\u00e1sn\u011b, ale je tam draze.                                                                                                                                                                                                                                                                                                                                                                                          4.7\/5 - (7 votes)        "},{"@context":"https:\/\/schema.org\/","@type":"BreadcrumbList","itemListElement":[{"@type":"ListItem","position":1,"name":"Jak\u00e9 to je \u017e\u00edt v hlavn\u00edm m\u011bst\u011b?","item":"https:\/\/www.camarko.cz\/jake-to-je-zit-v-hlavnim-meste\/#breadcrumbitem"}]}]