[{"@context":"https:\/\/schema.org\/","@type":"Article","@id":"https:\/\/www.camarko.cz\/bezpecna-jizda\/#Article","mainEntityOfPage":"https:\/\/www.camarko.cz\/bezpecna-jizda\/","headline":"Bezpe\u010dn\u00e1 j\u00edzda","name":"Bezpe\u010dn\u00e1 j\u00edzda","description":"Automobil je n\u011bco, co \u010dlov\u011bk vyu\u017e\u00edv\u00e1 t\u00e9m\u011b\u0159 ka\u017ed\u00fd den, tedy za p\u0159edpokladu, \u017ee m\u00e1 \u0159idi\u010d\u00e1k, a tak\u00e9 \u017ee m\u00e1 automobil zn\u00e1m, ale hodn\u011b lid\u00ed, kte\u0159\u00ed &hellip; ","datePublished":"2024-04-17","dateModified":"2024-05-17","author":{"@type":"Person","@id":"https:\/\/www.camarko.cz\/author\/#Person","name":"","url":"https:\/\/www.camarko.cz\/author\/","identifier":1,"image":{"@type":"ImageObject","@id":"https:\/\/secure.gravatar.com\/avatar\/232437c79d6ebbb41eb67b1526ce0bc08ee5047d6b1594dc05abcc3258d8e0b3?s=96&d=mm&r=g","url":"https:\/\/secure.gravatar.com\/avatar\/232437c79d6ebbb41eb67b1526ce0bc08ee5047d6b1594dc05abcc3258d8e0b3?s=96&d=mm&r=g","height":96,"width":96}},"publisher":{"@type":"Organization","name":"camarko.cz","logo":{"@type":"ImageObject","@id":"\/logo.png","url":"\/logo.png","width":600,"height":60}},"image":{"@type":"ImageObject","@id":"https:\/\/www.camarko.cz\/wp-content\/uploads\/auto_10_7.jpg","url":"https:\/\/www.camarko.cz\/wp-content\/uploads\/auto_10_7.jpg","height":0,"width":0},"url":"https:\/\/www.camarko.cz\/bezpecna-jizda\/","about":["Auto moto"],"wordCount":466,"articleBody":"Automobil je n\u011bco, co \u010dlov\u011bk vyu\u017e\u00edv\u00e1 t\u00e9m\u011b\u0159 ka\u017ed\u00fd den, tedy za p\u0159edpokladu, \u017ee m\u00e1 \u0159idi\u010d\u00e1k, a tak\u00e9 \u017ee m\u00e1 automobil zn\u00e1m, ale hodn\u011b lid\u00ed, kte\u0159\u00ed maj\u00ed \u0159idi\u010dsk\u00e9 opr\u00e1vn\u011bn\u00ed, ale v\u016fbec nemaj\u00ed automobil. Kdy\u017e je t\u0159eba to tam kamar\u00e1dky, kter\u00e1 m\u00e1 u\u017e sedm\u00a0let \u0159idi\u010dsk\u00fd pr\u016fkaz, ale nem\u00e1 auto, tak ona mi v\u017edycky \u0159ekne, \u017ee se j\u00ed neda\u0159\u00ed na\u0161et\u0159it pen\u00edze na auto, \u0159\u00edk\u00e1m j\u00ed. Se\u017eene t\u0159eba i oby\u010dejn\u00e9 auto, kter\u00e9 vypad\u00e1 sice \u0161kared\u011b, ale i funk\u010dn\u00ed a t\u0159eba stoj\u00ed t\u0159icet tis\u00edc\u00a0korun. Moje kamar\u00e1dka z\u00edtra, \u017ee takov\u00fdto k\u0159\u00e1p anebo poj\u00edzdnou popelnici by pr\u00fd v\u016fbec necht\u011bla, \u017ee pr\u00fd chce auto alespo\u0148 za minim\u00e1ln\u011b sto tis\u00edc. Jenom\u017ee bohu\u017eel moje kamar\u00e1dka neum\u00ed v\u016fbec u\u0161et\u0159it pen\u00edze.V\u017edycky, kdy\u017e m\u00e1 t\u0159eba n\u011bjak\u00fd v\u011bt\u0161\u00ed finan\u010dn\u00ed obnos, tak to v\u0161echno utrat\u00ed. Koupit si drahou kabelku nebo drah\u00e9 boty anebo jede s partnerem na dovolenou. Mysl\u00edm si, \u017ee kdyby se t\u0159eba odpustila dv\u011b\u00a0nebo t\u0159i\u00a0dovolen\u00e9 a n\u011bjak\u00e9 drah\u00e9 boty, tak by ur\u010dit\u011b potom na n\u011bjak\u00fd levn\u011bj\u0161\u00ed automobil m\u011bla. Jenom\u017ee ne kamar\u00e1dka jednodu\u0161e mus\u00ed alespo\u0148 dvakr\u00e1t nebo t\u0159ikr\u00e1t ro\u010dn\u011b jezdit na dovolenou anebo si ka\u017ed\u00fd m\u011bs\u00edc kupuje nov\u00e9 boty. Na co? Mysl\u00edm si, \u017ee tohle je \u00fapln\u00e1. \u0160koda tohle snad u\u017e je nemoc z nakupov\u00e1n\u00ed moje kamar\u00e1dka, mus\u00ed se ale n\u011bco nakupovat.Anebo tak\u00e9 je z\u00e1visl\u00e1 kamar\u00e1dka na tom, \u017ee mus\u00ed nonstop n\u011bco objedn\u00e1vat z internetu absolutn\u011b nech\u00e1pu, co je na tom tak z\u00e1bavn\u00e9ho. Ale ano, zn\u00e1m. N\u011bkter\u00e9 lidi, kte\u0159\u00ed jsou nemocn\u00ed a chodit dokonce i psychologovi, kte\u0159\u00ed nakupuj\u00ed. Jenom\u017ee kv\u016fli tomu nem\u00edt automobil. To j\u00e1, kdybych cht\u011bla auto, tak se na n\u011b na\u0161et\u0159\u00edm, proto\u017ee j\u00e1 bez automobilu bych opravdu b\u00fdt nemohla. Jsem na automobilu opravdu hodn\u011b z\u00e1visl\u00e1. Ano, p\u0159izn\u00e1m to a v\u016fbec se za to nestyd\u00edm, proto\u017ee j\u00e1 autem jezd\u00edm do pr\u00e1ce a tak\u00e9 sv\u00e9 d\u011bti voz\u00edm na krou\u017eky a v\u016fbec nev\u00edm, jak bych to d\u011blala. Kdybych t\u0159eba p\u0159i\u0161la o \u0159idi\u010dsk\u00e9 opr\u00e1vn\u011bn\u00ed, m\u016fj bratr pr\u00e1v\u011b u\u017e dvakr\u00e1t p\u0159i\u0161el o \u0159idi\u010d\u00e1k, a to v\u017edycky na rok. Proto\u017ee jezd\u00ed moc rychle nech\u00e1pu, pro\u010d se nem\u016f\u017ee dr\u017eet a jezdit \u00fapln\u011b norm\u00e1ln\u011b. Jezdit norm\u00e1ln\u011b jako ka\u017ed\u00fd druh\u00fd\u00a0\u010dlov\u011bk, tedy alespo\u0148 douf\u00e1m.\u00a0                                                                                                                                                                                                                                                                                                                                                                                        4.8\/5 - (5 votes)        "},{"@context":"https:\/\/schema.org\/","@type":"BreadcrumbList","itemListElement":[{"@type":"ListItem","position":1,"name":"Bezpe\u010dn\u00e1 j\u00edzda","item":"https:\/\/www.camarko.cz\/bezpecna-jizda\/#breadcrumbitem"}]}]